{"id":877,"date":"2022-05-19T18:56:48","date_gmt":"2022-05-19T16:56:48","guid":{"rendered":"http:\/\/zlinskakrizovatka.cz\/zlinskejaro\/?p=877"},"modified":"2022-06-01T17:36:36","modified_gmt":"2022-06-01T15:36:36","slug":"normalni-je-pomahat-2022","status":"publish","type":"post","link":"https:\/\/zlinskakrizovatka.cz\/zlinskejaro\/2022\/05\/19\/normalni-je-pomahat-2022\/","title":{"rendered":"Norm\u00e1ln\u00ed je pom\u00e1hat 2022"},"content":{"rendered":"\n<p>Prezentace \u010dinnosti neziskov\u00fdch organizac\u00ed Zl\u00ednsk\u00e9ho kraje formou v\u00fdstavn\u00edch panel\u016f.<br>Zviditeln\u011bn\u00ed dobrovolnictv\u00ed a ob\u010dansk\u00e9 spole\u010dnosti.<\/p>\n\n\n\n<figure class=\"wp-block-image\"><img loading=\"lazy\" decoding=\"async\" width=\"1024\" height=\"678\" src=\"https:\/\/zlinskakrizovatka.cz\/zlinskejaro\/wp-content\/uploads\/sites\/2\/2022\/05\/normalnijepomahat-1024x678.png\" alt=\"\" class=\"wp-image-898\" srcset=\"https:\/\/zlinskakrizovatka.cz\/zlinskejaro\/wp-content\/uploads\/sites\/2\/2022\/05\/normalnijepomahat-1024x678.png 1024w, https:\/\/zlinskakrizovatka.cz\/zlinskejaro\/wp-content\/uploads\/sites\/2\/2022\/05\/normalnijepomahat-300x199.png 300w, https:\/\/zlinskakrizovatka.cz\/zlinskejaro\/wp-content\/uploads\/sites\/2\/2022\/05\/normalnijepomahat-768x508.png 768w, https:\/\/zlinskakrizovatka.cz\/zlinskejaro\/wp-content\/uploads\/sites\/2\/2022\/05\/normalnijepomahat.png 1166w\" sizes=\"auto, (max-width: 1024px) 100vw, 1024px\" \/><\/figure>\n\n\n\n<p><strong>M\u00edsto:<\/strong>&nbsp;foyer divadla<br><strong>Term\u00edn:<\/strong> 13. &#8211; 30. 6. 2022<br><strong>Otev\u0159en\u00ed v\u00fdstavy:<\/strong> 13. 6. v 16:30 hod.<\/p>\n\n\n\n<p><strong>\u00da\u010dastn\u00edc\u00ed se organizace:<\/strong><\/p>\n\n\n\n<p><a rel=\"noreferrer noopener\" aria-label=\"ADRA, o. p. s. (otev\u0159e se na nov\u00e9 z\u00e1lo\u017ece)\" href=\"https:\/\/www.adra.cz\" target=\"_blank\">ADRA, o. p. s.<\/a><br><a rel=\"noreferrer noopener\" aria-label=\"AKROPOLIS, z.s.  (otev\u0159e se na nov\u00e9 z\u00e1lo\u017ece)\" href=\"https:\/\/www.akropolis-uh.cz\/\" target=\"_blank\">AKROPOLIS, z.s.<\/a><br><a rel=\"noreferrer noopener\" aria-label=\"Centrum pro rodinu Zl\u00edn z. s.  (otev\u0159e se na nov\u00e9 z\u00e1lo\u017ece)\" href=\"https:\/\/www.cpr-zlin.cz\/\" target=\"_blank\">Centrum pro rodinu Zl\u00edn z. s.<\/a><br><a rel=\"noreferrer noopener\" aria-label=\"Domek-prevence, podpora, v\u00fdchova, vzd\u011bl\u00e1v\u00e1n\u00ed, terapie, z.s.  (otev\u0159e se na nov\u00e9 z\u00e1lo\u017ece)\" href=\"https:\/\/domekzlin.cz\/\" target=\"_blank\">Domek-prevence, podpora, v\u00fdchova, vzd\u011bl\u00e1v\u00e1n\u00ed, terapie, z.s.<\/a><br><a rel=\"noreferrer noopener\" aria-label=\"Dotek z.\u00fa. (otev\u0159e se na nov\u00e9 z\u00e1lo\u017ece)\" href=\"http:\/\/www.pecovatelstvidotek.cz\/\" target=\"_blank\">Dotek z.\u00fa.<\/a><br><a rel=\"noreferrer noopener\" aria-label=\"Family a Senior Point Zl\u00edn (Centrum pro rodinu Zl\u00edn z.s.) (otev\u0159e se na nov\u00e9 z\u00e1lo\u017ece)\" href=\"http:\/\/zlin.familypoint.cz\/\" target=\"_blank\">Family a Senior Point Zl\u00edn (Centrum pro rodinu Zl\u00edn z.s.)<\/a>    <br><a rel=\"noreferrer noopener\" aria-label=\"Charita Luha\u010dovice (otev\u0159e se na nov\u00e9 z\u00e1lo\u017ece)\" href=\"https:\/\/www.luhacovice.charita.cz\/\" target=\"_blank\">Charita Luha\u010dovice<\/a><br><a rel=\"noreferrer noopener\" aria-label=\"Charita Otrokovice (otev\u0159e se na nov\u00e9 z\u00e1lo\u017ece)\" href=\"https:\/\/www.otrokovice.charita.cz\/\" target=\"_blank\">Charita Otrokovice<\/a><br><a href=\"https:\/\/www.skaut.cz\/\" target=\"_blank\" rel=\"noreferrer noopener\" aria-label=\"Jun\u00e1k \u2013 \u010desk\u00fd skaut, z. s. (otev\u0159e se na nov\u00e9 z\u00e1lo\u017ece)\">Jun\u00e1k \u2013 \u010desk\u00fd skaut, z. s.<\/a><br><a rel=\"noreferrer noopener\" aria-label=\"Lesn\u00ed komunitn\u00ed \u0161kola S\u00fdkorka, z.s. (otev\u0159e se na nov\u00e9 z\u00e1lo\u017ece)\" href=\"https:\/\/www.skolasykorka.cz\/\" target=\"_blank\">Lesn\u00ed komunitn\u00ed \u0161kola S\u00fdkorka, z.s.<\/a><br><a rel=\"noreferrer noopener\" aria-label=\"Malt\u00e9zsk\u00e1 pomoc, o.p.s. (otev\u0159e se na nov\u00e9 z\u00e1lo\u017ece)\" href=\"https:\/\/maltezskapomoc.cz\/\" target=\"_blank\">Malt\u00e9zsk\u00e1 pomoc, o.p.s.<\/a><br><a rel=\"noreferrer noopener\" aria-label=\"Na Pasece, z.s. (otev\u0159e se na nov\u00e9 z\u00e1lo\u017ece)\" href=\"http:\/\/www.napasece.net\/\" target=\"_blank\">Na Pasece, z.s.<\/a><br><a rel=\"noreferrer noopener\" aria-label=\"NAD\u011aJE (otev\u0159e se na nov\u00e9 z\u00e1lo\u017ece)\" href=\"https:\/\/www.nadeje.cz\/\" target=\"_blank\">NAD\u011aJE<\/a> <br><a rel=\"noreferrer noopener\" aria-label=\"Podan\u00e9 ruce \u2013 osobn\u00ed asistence (otev\u0159e se na nov\u00e9 z\u00e1lo\u017ece)\" href=\"http:\/\/www.podaneruce.eu\/\" target=\"_blank\">Podan\u00e9 ruce \u2013 osobn\u00ed asistence<\/a><br><a rel=\"noreferrer noopener\" aria-label=\"Poradensk\u00e9 centrum pro sluchov\u011b posti\u017een\u00e9 Krom\u011b\u0159\u00ed\u017e,o.p.s (otev\u0159e se na nov\u00e9 z\u00e1lo\u017ece)\" href=\"https:\/\/www.chcislyset.cz\/\" target=\"_blank\">Poradensk\u00e9 centrum pro sluchov\u011b posti\u017een\u00e9 Krom\u011b\u0159\u00ed\u017e,o.p.s<\/a>.    <br><a rel=\"noreferrer noopener\" aria-label=\"Sahad\u017ea joga z.s. (otev\u0159e se na nov\u00e9 z\u00e1lo\u017ece)\" href=\"https:\/\/www.meditace-zlin.cz\/\" target=\"_blank\">Sahad\u017ea joga z.s.<\/a><br><a rel=\"noreferrer noopener\" aria-label=\"Samari, z.s. (otev\u0159e se na nov\u00e9 z\u00e1lo\u017ece)\" href=\"http:\/\/www.samari.cz\/samari\/\" target=\"_blank\">Samari, z.s.<\/a><br><a rel=\"noreferrer noopener\" aria-label=\"SKL\u00c1DANKA, z. s. (otev\u0159e se na nov\u00e9 z\u00e1lo\u017ece)\" href=\"https:\/\/skladankazs.cz\/\" target=\"_blank\">SKL\u00c1DANKA, z. s.<\/a><br><a rel=\"noreferrer noopener\" aria-label=\"Ty\u00e1tr ModroDiv, z.s. (otev\u0159e se na nov\u00e9 z\u00e1lo\u017ece)\" href=\"https:\/\/modrodiv.cz\/\" target=\"_blank\">Ty\u00e1tr ModroDiv, z.s.<\/a><br><a rel=\"noreferrer noopener\" aria-label=\"Waldorfsk\u00e1 z\u00e1kladn\u00ed \u0161kola Jasan, z.s. (otev\u0159e se na nov\u00e9 z\u00e1lo\u017ece)\" href=\"https:\/\/www.waldorfzlin.cz\" target=\"_blank\">Waldorfsk\u00e1 z\u00e1kladn\u00ed \u0161kola Jasan, z.s.<\/a><br><a rel=\"noreferrer noopener\" aria-label=\"Za sklem o. s. (otev\u0159e se na nov\u00e9 z\u00e1lo\u017ece)\" href=\"https:\/\/zasklem.com\/\" target=\"_blank\">Za sklem o. s.<\/a><br><a href=\"https:\/\/zlinskakrizovatka.cz\/\">Zl\u00ednsk\u00e1 k\u0159i\u017eovatka, z. s.<\/a><\/p>\n","protected":false},"excerpt":{"rendered":"<p>Prezentace \u010dinnosti neziskov\u00fdch organizac\u00ed Zl\u00ednsk\u00e9ho kraje formou v\u00fdstavn\u00edch panel\u016f.Zviditeln\u011bn\u00ed dobrovolnictv\u00ed a ob\u010dansk\u00e9 spole\u010dnosti. M\u00edsto:&nbsp;foyer divadlaTerm\u00edn: 13. &#8211; 30. 6. 2022Otev\u0159en\u00ed v\u00fdstavy: 13. 6. v 16:30 hod. \u00da\u010dastn\u00edc\u00ed se organizace: ADRA, o. p. s.AKROPOLIS, z.s.Centrum pro rodinu Zl\u00edn z. s.Domek-prevence, podpora, [&hellip;]<\/p>\n","protected":false},"author":1,"featured_media":0,"comment_status":"closed","ping_status":"open","sticky":false,"template":"","format":"standard","meta":{"_acf_changed":false,"footnotes":""},"categories":[1],"tags":[],"class_list":["post-877","post","type-post","status-publish","format-standard","hentry","category-nezarazene"],"acf":[],"_links":{"self":[{"href":"https:\/\/zlinskakrizovatka.cz\/zlinskejaro\/wp-json\/wp\/v2\/posts\/877","targetHints":{"allow":["GET"]}}],"collection":[{"href":"https:\/\/zlinskakrizovatka.cz\/zlinskejaro\/wp-json\/wp\/v2\/posts"}],"about":[{"href":"https:\/\/zlinskakrizovatka.cz\/zlinskejaro\/wp-json\/wp\/v2\/types\/post"}],"author":[{"embeddable":true,"href":"https:\/\/zlinskakrizovatka.cz\/zlinskejaro\/wp-json\/wp\/v2\/users\/1"}],"replies":[{"embeddable":true,"href":"https:\/\/zlinskakrizovatka.cz\/zlinskejaro\/wp-json\/wp\/v2\/comments?post=877"}],"version-history":[{"count":9,"href":"https:\/\/zlinskakrizovatka.cz\/zlinskejaro\/wp-json\/wp\/v2\/posts\/877\/revisions"}],"predecessor-version":[{"id":909,"href":"https:\/\/zlinskakrizovatka.cz\/zlinskejaro\/wp-json\/wp\/v2\/posts\/877\/revisions\/909"}],"wp:attachment":[{"href":"https:\/\/zlinskakrizovatka.cz\/zlinskejaro\/wp-json\/wp\/v2\/media?parent=877"}],"wp:term":[{"taxonomy":"category","embeddable":true,"href":"https:\/\/zlinskakrizovatka.cz\/zlinskejaro\/wp-json\/wp\/v2\/categories?post=877"},{"taxonomy":"post_tag","embeddable":true,"href":"https:\/\/zlinskakrizovatka.cz\/zlinskejaro\/wp-json\/wp\/v2\/tags?post=877"}],"curies":[{"name":"wp","href":"https:\/\/api.w.org\/{rel}","templated":true}]}}